{"id":2544,"date":"2015-04-20T21:44:38","date_gmt":"2015-04-20T21:44:38","guid":{"rendered":"https:\/\/monita.es\/non-classifiee\/mapas\/"},"modified":"2024-12-12T11:11:34","modified_gmt":"2024-12-12T11:11:34","slug":"mapas","status":"publish","type":"post","link":"https:\/\/monita.es\/fr\/blog-fr\/mapas\/","title":{"rendered":"Mapas"},"content":{"rendered":"<div class=\"col-sm-12 col-md-6 col-lg-6\">\n<div class=\"content-map\"><iframe style=\"border: 0;\" src=\"https:\/\/www.google.com\/maps\/embed?pb=!1m18!1m12!1m3!1d24296.600014421776!2d-3.5553408499999852!3d40.4293381!2m3!1f0!2f0!3f0!3m2!1i1024!2i768!4f13.1!3m3!1m2!1s0x0000000000000000%3A0xa1fb11bcc8d64622!2zTW_DsWl0YQ!5e0!3m2!1ses!2ses!4v1429567471061\" width=\"300\" height=\"150\"><\/iframe><\/div>\n<ul>\n<li>Calle Austria, 15<\/li>\n<li>Centro de Transportes de Coslada<\/li>\n<li>28821 COSLADA (Madrid)<\/li>\n<li><strong><em>E-mail:<\/em><\/strong> <a href=\"mailto:info@monita.es\">info@monita.es<\/a><\/li>\n<li><strong>T\u00e9l\u00e9phone:<\/strong> 916 708 182<\/li>\n<li><strong>Fax:<\/strong> 916 707 160<\/li>\n<li><strong>Donn\u00e9es suppl\u00e9mentaires:<\/strong> horario de lunes a viernes de 9:00 a 19:00 horas.<\/li>\n<\/ul>\n<\/div>\n<div class=\"col-sm-12 col-md-6 col-lg-6\">\n<div class=\"content-map\"><iframe style=\"border: 0;\" src=\"https:\/\/www.google.com\/maps\/embed?pb=!1m18!1m12!1m3!1d3014.032997196683!2d-5.6652206214349!3d40.93694206574654!2m3!1f0!2f0!3f0!3m2!1i1024!2i768!4f13.1!3m3!1m2!1s0xd3f268b6aaa2211%3A0xf3eefd500e859fd7!2sCalle+Arribes+del+Duero+(Pol.+Ind.+Montalvo+II)%2C+94%2C+Pol%C3%ADgono+Industrial+Montalvo+II%2C+37008+Salamanca!5e0!3m2!1ses!2ses!4v1429567776847\" width=\"300\" height=\"150\"><\/iframe><\/div>\n<ul>\n<li>Calle Arribes del Duero,\u00a0N\u00ba 32<\/li>\n<li>Pol\u00edgono industrial El Montalvo II<\/li>\n<li>37008 SALAMANCA (Salamanca)<\/li>\n<li><strong><em>E-mail:<\/em><\/strong> <a href=\"mailto:salamanca@monita.es\">salamanca@monita.es<\/a><\/li>\n<li><strong>T\u00e9l\u00e9phone:<\/strong> 923 190 214<\/li>\n<li><strong>Fax:<\/strong> 923 194 224<\/li>\n<li><strong>Donn\u00e9es suppl\u00e9mentaires:<\/strong> horario de lunes a viernes de 9:00 a 13:30 y de 15:30 a 19:00 horas.<\/li>\n<\/ul>\n<\/div>\n","protected":false},"excerpt":{"rendered":"<p>Calle Austria, 15 Centro de Transportes de Coslada 28821 COSLADA (Madrid) E-mail: info@monita.es T\u00e9l\u00e9phone: 916 708 182 Fax: 916 707 160 Donn\u00e9es suppl\u00e9mentaires: horario de lunes a viernes de 9:00 a 19:00 horas. Calle Arribes del Duero,\u00a0N\u00ba 32 Pol\u00edgono industrial El Montalvo II 37008 SALAMANCA (Salamanca) E-mail: salamanca@monita.es T\u00e9l\u00e9phone: 923 190 214 Fax: 923 194 &#8230; <a title=\"Mapas\" class=\"read-more\" href=\"https:\/\/monita.es\/fr\/blog-fr\/mapas\/\" aria-label=\"En savoir plus sur Mapas\">Leer m\u00e1s<\/a><\/p>\n","protected":false},"author":2,"featured_media":0,"comment_status":"closed","ping_status":"closed","sticky":false,"template":"","format":"standard","meta":{"footnotes":""},"categories":[272],"tags":[],"class_list":["post-2544","post","type-post","status-publish","format-standard","hentry","category-blog-fr"],"yoast_head":"<!-- This site is optimized with the Yoast SEO plugin v24.7 - https:\/\/yoast.com\/wordpress\/plugins\/seo\/ -->\n<title>Maps - Sale of tents in Madrid - MO\u00d1ITA<\/title>\n<meta name=\"description\" content=\"Rue Austria, 15Centre de transport de Coslada28821 COSLADA (Madrid) | Rue Arribes del Duero, n \u00c2\u00b0 32Zone industrielle El Montalvo II37008 SALAMANQUE (Salamanque)\" \/>\n<meta name=\"robots\" content=\"index, follow, max-snippet:-1, max-image-preview:large, max-video-preview:-1\" \/>\n<link rel=\"canonical\" href=\"https:\/\/monita.es\/fr\/blog-fr\/mapas\/\" \/>\n<meta property=\"og:locale\" content=\"fr_FR\" \/>\n<meta property=\"og:type\" content=\"article\" \/>\n<meta property=\"og:title\" content=\"Maps - Sale of tents in Madrid - MO\u00d1ITA\" \/>\n<meta property=\"og:description\" content=\"Rue Austria, 15Centre de transport de Coslada28821 COSLADA (Madrid) | Rue Arribes del Duero, n \u00c2\u00b0 32Zone industrielle El Montalvo II37008 SALAMANQUE (Salamanque)\" \/>\n<meta property=\"og:url\" content=\"https:\/\/monita.es\/fr\/blog-fr\/mapas\/\" \/>\n<meta property=\"og:site_name\" content=\"Venta de carpas en Madrid - MO\u00d1ITA\" \/>\n<meta property=\"article:published_time\" content=\"2015-04-20T21:44:38+00:00\" \/>\n<meta property=\"article:modified_time\" content=\"2024-12-12T11:11:34+00:00\" \/>\n<meta name=\"author\" content=\"Mo\u00f1ita\" \/>\n<meta name=\"twitter:label1\" content=\"\u00c9crit par\" \/>\n\t<meta name=\"twitter:data1\" content=\"Mo\u00f1ita\" \/>\n<script type=\"application\/ld+json\" class=\"yoast-schema-graph\">{\"@context\":\"https:\/\/schema.org\",\"@graph\":[{\"@type\":\"Article\",\"@id\":\"https:\/\/monita.es\/fr\/blog-fr\/mapas\/#article\",\"isPartOf\":{\"@id\":\"https:\/\/monita.es\/fr\/blog-fr\/mapas\/\"},\"author\":{\"name\":\"Mo\u00f1ita\",\"@id\":\"https:\/\/monita.es\/fr\/#\/schema\/person\/52008c64d38046dfc4a2264b26bd31aa\"},\"headline\":\"Mapas\",\"datePublished\":\"2015-04-20T21:44:38+00:00\",\"dateModified\":\"2024-12-12T11:11:34+00:00\",\"mainEntityOfPage\":{\"@id\":\"https:\/\/monita.es\/fr\/blog-fr\/mapas\/\"},\"wordCount\":66,\"publisher\":{\"@id\":\"https:\/\/monita.es\/fr\/#organization\"},\"articleSection\":[\"Blog\"],\"inLanguage\":\"fr-FR\"},{\"@type\":\"WebPage\",\"@id\":\"https:\/\/monita.es\/fr\/blog-fr\/mapas\/\",\"url\":\"https:\/\/monita.es\/fr\/blog-fr\/mapas\/\",\"name\":\"Maps - Sale of tents in Madrid - MO\u00d1ITA\",\"isPartOf\":{\"@id\":\"https:\/\/monita.es\/fr\/#website\"},\"datePublished\":\"2015-04-20T21:44:38+00:00\",\"dateModified\":\"2024-12-12T11:11:34+00:00\",\"description\":\"Rue Austria, 15Centre de transport de Coslada28821 COSLADA (Madrid) | Rue Arribes del Duero, n \u00c2\u00b0 32Zone industrielle El Montalvo II37008 SALAMANQUE (Salamanque)\",\"breadcrumb\":{\"@id\":\"https:\/\/monita.es\/fr\/blog-fr\/mapas\/#breadcrumb\"},\"inLanguage\":\"fr-FR\",\"potentialAction\":[{\"@type\":\"ReadAction\",\"target\":[\"https:\/\/monita.es\/fr\/blog-fr\/mapas\/\"]}]},{\"@type\":\"BreadcrumbList\",\"@id\":\"https:\/\/monita.es\/fr\/blog-fr\/mapas\/#breadcrumb\",\"itemListElement\":[{\"@type\":\"ListItem\",\"position\":1,\"name\":\"Mo\u00f1ita\",\"item\":\"https:\/\/monita.es\/fr\/accueil-entreprise\/\"},{\"@type\":\"ListItem\",\"position\":2,\"name\":\"Mapas\"}]},{\"@type\":\"WebSite\",\"@id\":\"https:\/\/monita.es\/fr\/#website\",\"url\":\"https:\/\/monita.es\/fr\/\",\"name\":\"Venta de carpas en Madrid - MO\u00d1ITA\",\"description\":\"MO\u00d1ITA es carpas, confecci\u00f3n de lonas para usos industriales, fachada textil, arquitectura textil y toldos. Dise\u00f1amos, proyectamos y creamos tu proyecto.\",\"publisher\":{\"@id\":\"https:\/\/monita.es\/fr\/#organization\"},\"potentialAction\":[{\"@type\":\"SearchAction\",\"target\":{\"@type\":\"EntryPoint\",\"urlTemplate\":\"https:\/\/monita.es\/fr\/?s={search_term_string}\"},\"query-input\":{\"@type\":\"PropertyValueSpecification\",\"valueRequired\":true,\"valueName\":\"search_term_string\"}}],\"inLanguage\":\"fr-FR\"},{\"@type\":\"Organization\",\"@id\":\"https:\/\/monita.es\/fr\/#organization\",\"name\":\"Mo\u00f1ita\",\"url\":\"https:\/\/monita.es\/fr\/\",\"logo\":{\"@type\":\"ImageObject\",\"inLanguage\":\"fr-FR\",\"@id\":\"https:\/\/monita.es\/fr\/#\/schema\/logo\/image\/\",\"url\":\"https:\/\/monita.es\/wp-content\/uploads\/cropped-cropped-logo-monita-1-neg.png\",\"contentUrl\":\"https:\/\/monita.es\/wp-content\/uploads\/cropped-cropped-logo-monita-1-neg.png\",\"width\":785,\"height\":666,\"caption\":\"Mo\u00f1ita\"},\"image\":{\"@id\":\"https:\/\/monita.es\/fr\/#\/schema\/logo\/image\/\"}},{\"@type\":\"Person\",\"@id\":\"https:\/\/monita.es\/fr\/#\/schema\/person\/52008c64d38046dfc4a2264b26bd31aa\",\"name\":\"Mo\u00f1ita\",\"image\":{\"@type\":\"ImageObject\",\"inLanguage\":\"fr-FR\",\"@id\":\"https:\/\/monita.es\/fr\/#\/schema\/person\/image\/\",\"url\":\"https:\/\/secure.gravatar.com\/avatar\/9f5d3d81d3229109608bd0c9725bc3416147f9e937a48c9f9c7b0b133c3fd3fe?s=96&d=mm&r=g\",\"contentUrl\":\"https:\/\/secure.gravatar.com\/avatar\/9f5d3d81d3229109608bd0c9725bc3416147f9e937a48c9f9c7b0b133c3fd3fe?s=96&d=mm&r=g\",\"caption\":\"Mo\u00f1ita\"}}]}<\/script>\n<!-- \/ Yoast SEO plugin. -->","yoast_head_json":{"title":"Maps - Sale of tents in Madrid - MO\u00d1ITA","description":"Rue Austria, 15Centre de transport de Coslada28821 COSLADA (Madrid) | Rue Arribes del Duero, n \u00c2\u00b0 32Zone industrielle El Montalvo II37008 SALAMANQUE (Salamanque)","robots":{"index":"index","follow":"follow","max-snippet":"max-snippet:-1","max-image-preview":"max-image-preview:large","max-video-preview":"max-video-preview:-1"},"canonical":"https:\/\/monita.es\/fr\/blog-fr\/mapas\/","og_locale":"fr_FR","og_type":"article","og_title":"Maps - Sale of tents in Madrid - MO\u00d1ITA","og_description":"Rue Austria, 15Centre de transport de Coslada28821 COSLADA (Madrid) | Rue Arribes del Duero, n \u00c2\u00b0 32Zone industrielle El Montalvo II37008 SALAMANQUE (Salamanque)","og_url":"https:\/\/monita.es\/fr\/blog-fr\/mapas\/","og_site_name":"Venta de carpas en Madrid - MO\u00d1ITA","article_published_time":"2015-04-20T21:44:38+00:00","article_modified_time":"2024-12-12T11:11:34+00:00","author":"Mo\u00f1ita","twitter_misc":{"\u00c9crit par":"Mo\u00f1ita"},"schema":{"@context":"https:\/\/schema.org","@graph":[{"@type":"Article","@id":"https:\/\/monita.es\/fr\/blog-fr\/mapas\/#article","isPartOf":{"@id":"https:\/\/monita.es\/fr\/blog-fr\/mapas\/"},"author":{"name":"Mo\u00f1ita","@id":"https:\/\/monita.es\/fr\/#\/schema\/person\/52008c64d38046dfc4a2264b26bd31aa"},"headline":"Mapas","datePublished":"2015-04-20T21:44:38+00:00","dateModified":"2024-12-12T11:11:34+00:00","mainEntityOfPage":{"@id":"https:\/\/monita.es\/fr\/blog-fr\/mapas\/"},"wordCount":66,"publisher":{"@id":"https:\/\/monita.es\/fr\/#organization"},"articleSection":["Blog"],"inLanguage":"fr-FR"},{"@type":"WebPage","@id":"https:\/\/monita.es\/fr\/blog-fr\/mapas\/","url":"https:\/\/monita.es\/fr\/blog-fr\/mapas\/","name":"Maps - Sale of tents in Madrid - MO\u00d1ITA","isPartOf":{"@id":"https:\/\/monita.es\/fr\/#website"},"datePublished":"2015-04-20T21:44:38+00:00","dateModified":"2024-12-12T11:11:34+00:00","description":"Rue Austria, 15Centre de transport de Coslada28821 COSLADA (Madrid) | Rue Arribes del Duero, n \u00c2\u00b0 32Zone industrielle El Montalvo II37008 SALAMANQUE (Salamanque)","breadcrumb":{"@id":"https:\/\/monita.es\/fr\/blog-fr\/mapas\/#breadcrumb"},"inLanguage":"fr-FR","potentialAction":[{"@type":"ReadAction","target":["https:\/\/monita.es\/fr\/blog-fr\/mapas\/"]}]},{"@type":"BreadcrumbList","@id":"https:\/\/monita.es\/fr\/blog-fr\/mapas\/#breadcrumb","itemListElement":[{"@type":"ListItem","position":1,"name":"Mo\u00f1ita","item":"https:\/\/monita.es\/fr\/accueil-entreprise\/"},{"@type":"ListItem","position":2,"name":"Mapas"}]},{"@type":"WebSite","@id":"https:\/\/monita.es\/fr\/#website","url":"https:\/\/monita.es\/fr\/","name":"Venta de carpas en Madrid - MO\u00d1ITA","description":"MO\u00d1ITA es carpas, confecci\u00f3n de lonas para usos industriales, fachada textil, arquitectura textil y toldos. Dise\u00f1amos, proyectamos y creamos tu proyecto.","publisher":{"@id":"https:\/\/monita.es\/fr\/#organization"},"potentialAction":[{"@type":"SearchAction","target":{"@type":"EntryPoint","urlTemplate":"https:\/\/monita.es\/fr\/?s={search_term_string}"},"query-input":{"@type":"PropertyValueSpecification","valueRequired":true,"valueName":"search_term_string"}}],"inLanguage":"fr-FR"},{"@type":"Organization","@id":"https:\/\/monita.es\/fr\/#organization","name":"Mo\u00f1ita","url":"https:\/\/monita.es\/fr\/","logo":{"@type":"ImageObject","inLanguage":"fr-FR","@id":"https:\/\/monita.es\/fr\/#\/schema\/logo\/image\/","url":"https:\/\/monita.es\/wp-content\/uploads\/cropped-cropped-logo-monita-1-neg.png","contentUrl":"https:\/\/monita.es\/wp-content\/uploads\/cropped-cropped-logo-monita-1-neg.png","width":785,"height":666,"caption":"Mo\u00f1ita"},"image":{"@id":"https:\/\/monita.es\/fr\/#\/schema\/logo\/image\/"}},{"@type":"Person","@id":"https:\/\/monita.es\/fr\/#\/schema\/person\/52008c64d38046dfc4a2264b26bd31aa","name":"Mo\u00f1ita","image":{"@type":"ImageObject","inLanguage":"fr-FR","@id":"https:\/\/monita.es\/fr\/#\/schema\/person\/image\/","url":"https:\/\/secure.gravatar.com\/avatar\/9f5d3d81d3229109608bd0c9725bc3416147f9e937a48c9f9c7b0b133c3fd3fe?s=96&d=mm&r=g","contentUrl":"https:\/\/secure.gravatar.com\/avatar\/9f5d3d81d3229109608bd0c9725bc3416147f9e937a48c9f9c7b0b133c3fd3fe?s=96&d=mm&r=g","caption":"Mo\u00f1ita"}}]}},"_links":{"self":[{"href":"https:\/\/monita.es\/fr\/wp-json\/wp\/v2\/posts\/2544","targetHints":{"allow":["GET"]}}],"collection":[{"href":"https:\/\/monita.es\/fr\/wp-json\/wp\/v2\/posts"}],"about":[{"href":"https:\/\/monita.es\/fr\/wp-json\/wp\/v2\/types\/post"}],"author":[{"embeddable":true,"href":"https:\/\/monita.es\/fr\/wp-json\/wp\/v2\/users\/2"}],"replies":[{"embeddable":true,"href":"https:\/\/monita.es\/fr\/wp-json\/wp\/v2\/comments?post=2544"}],"version-history":[{"count":1,"href":"https:\/\/monita.es\/fr\/wp-json\/wp\/v2\/posts\/2544\/revisions"}],"predecessor-version":[{"id":22763,"href":"https:\/\/monita.es\/fr\/wp-json\/wp\/v2\/posts\/2544\/revisions\/22763"}],"wp:attachment":[{"href":"https:\/\/monita.es\/fr\/wp-json\/wp\/v2\/media?parent=2544"}],"wp:term":[{"taxonomy":"category","embeddable":true,"href":"https:\/\/monita.es\/fr\/wp-json\/wp\/v2\/categories?post=2544"},{"taxonomy":"post_tag","embeddable":true,"href":"https:\/\/monita.es\/fr\/wp-json\/wp\/v2\/tags?post=2544"}],"curies":[{"name":"wp","href":"https:\/\/api.w.org\/{rel}","templated":true}]}}